{"id":13610,"date":"2021-06-07T13:20:13","date_gmt":"2021-06-07T11:20:13","guid":{"rendered":"https:\/\/www.istruzione.calabria.it\/crotone\/?p=13610"},"modified":"2021-06-07T13:20:13","modified_gmt":"2021-06-07T11:20:13","slug":"sc-sec-i-e-ii-grado-disponibilita-dopo-i-movimenti","status":"publish","type":"post","link":"https:\/\/www.istruzione.calabria.it\/crotone\/sc-sec-i-e-ii-grado-disponibilita-dopo-i-movimenti\/","title":{"rendered":"Sc. Sec. I e II Grado &#8211; Disponibilit\u00e0 dopo i movimenti"},"content":{"rendered":"<p><a href=\"http:\/\/www.istruzione.calabria.it\/crotone\/wp-content\/uploads\/2021\/06\/Sc.-Sec.-I-Grado-Disponibilita-dopo-i-movimenti.pdf\">Sc. Sec. I Grado &#8211; Disponibilit\u00e0 dopo i movimenti<\/a><\/p>\n<p><a href=\"http:\/\/www.istruzione.calabria.it\/crotone\/wp-content\/uploads\/2021\/06\/Sc.-Sec.-II-Grado-Disponibilita-dopo-i-movimenti.pdf\">Sc. Sec. II Grado &#8211; Disponibilit\u00e0 dopo i movimenti<\/a><\/p>\n<!-- WP Attachments -->\r\n        <div style=\"width:100%;margin:10px 0 10px 0;\">\r\n            <h3>Allegati<\/h3>\r\n        <ul class=\"post-attachments\"><li class=\"post-attachment mime-application-pdf\"><a href=\"https:\/\/www.istruzione.calabria.it\/crotone\/wp-content\/uploads\/2021\/06\/Sc.-Sec.-I-Grado-Disponibilita-dopo-i-movimenti.pdf\">Sc. Sec. I Grado - Disponibilit\u00e0 dopo i movimenti<\/a> <small>(280 kB)<\/small><\/li><li class=\"post-attachment mime-application-pdf\"><a href=\"https:\/\/www.istruzione.calabria.it\/crotone\/wp-content\/uploads\/2021\/06\/Sc.-Sec.-II-Grado-Disponibilita-dopo-i-movimenti.pdf\">Sc. Sec. II Grado - Disponibilit\u00e0 dopo i movimenti<\/a> <small>(253 kB)<\/small><\/li><\/ul><\/div>","protected":false},"excerpt":{"rendered":"<p>Sc. Sec. I Grado &#8211; Disponibilit\u00e0 dopo i movimenti Sc. Sec. II Grado &#8211; Disponibilit\u00e0 dopo i movimenti Allegati Sc. Sec. I Grado &#8211; Disponibilit\u00e0 &#8230; <\/p>\n","protected":false},"author":3,"featured_media":0,"comment_status":"closed","ping_status":"closed","sticky":false,"template":"","format":"standard","meta":{"footnotes":""},"categories":[101,1],"tags":[],"class_list":["post-13610","post","type-post","status-publish","format-standard","hentry","category-mobilita","category-notizie"],"_links":{"self":[{"href":"https:\/\/www.istruzione.calabria.it\/crotone\/wp-json\/wp\/v2\/posts\/13610","targetHints":{"allow":["GET"]}}],"collection":[{"href":"https:\/\/www.istruzione.calabria.it\/crotone\/wp-json\/wp\/v2\/posts"}],"about":[{"href":"https:\/\/www.istruzione.calabria.it\/crotone\/wp-json\/wp\/v2\/types\/post"}],"author":[{"embeddable":true,"href":"https:\/\/www.istruzione.calabria.it\/crotone\/wp-json\/wp\/v2\/users\/3"}],"replies":[{"embeddable":true,"href":"https:\/\/www.istruzione.calabria.it\/crotone\/wp-json\/wp\/v2\/comments?post=13610"}],"version-history":[{"count":1,"href":"https:\/\/www.istruzione.calabria.it\/crotone\/wp-json\/wp\/v2\/posts\/13610\/revisions"}],"predecessor-version":[{"id":13613,"href":"https:\/\/www.istruzione.calabria.it\/crotone\/wp-json\/wp\/v2\/posts\/13610\/revisions\/13613"}],"wp:attachment":[{"href":"https:\/\/www.istruzione.calabria.it\/crotone\/wp-json\/wp\/v2\/media?parent=13610"}],"wp:term":[{"taxonomy":"category","embeddable":true,"href":"https:\/\/www.istruzione.calabria.it\/crotone\/wp-json\/wp\/v2\/categories?post=13610"},{"taxonomy":"post_tag","embeddable":true,"href":"https:\/\/www.istruzione.calabria.it\/crotone\/wp-json\/wp\/v2\/tags?post=13610"}],"curies":[{"name":"wp","href":"https:\/\/api.w.org\/{rel}","templated":true}]}}