{"id":16748,"date":"2023-08-09T11:53:21","date_gmt":"2023-08-09T09:53:21","guid":{"rendered":"https:\/\/www.istruzione.calabria.it\/crotone\/?p=16748"},"modified":"2023-08-09T11:53:21","modified_gmt":"2023-08-09T09:53:21","slug":"posti-di-sostegno-scuole-ogni-ordine-e-grado-disponibili-fini-mobilita-annuale-provinciale-personale-docente-a-s-2023-2024","status":"publish","type":"post","link":"https:\/\/www.istruzione.calabria.it\/crotone\/posti-di-sostegno-scuole-ogni-ordine-e-grado-disponibili-fini-mobilita-annuale-provinciale-personale-docente-a-s-2023-2024\/","title":{"rendered":"Posti di sostegno scuole ogni ordine e grado disponibili fini mobilit\u00e0 annuale provinciale personale docente &#8211; a.s. 2023-2024"},"content":{"rendered":"<!-- WP Attachments -->\r\n        <div style=\"width:100%;margin:10px 0 10px 0;\">\r\n            <h3>Allegati<\/h3>\r\n        <ul class=\"post-attachments\"><li class=\"post-attachment mime-application-vnd-ms-excel\"><a href=\"https:\/\/www.istruzione.calabria.it\/crotone\/wp-content\/uploads\/2023\/08\/Infanzia-Disponibilita-posti-di-sostegno-per-mobilita-annuale-a.s.-2023-24.xls\">Infanzia - Disponibilit\u00e0 posti di sostegno per mobilit\u00e0 annuale a.s. 2023-24<\/a> <small>(3 MB)<\/small><\/li><li class=\"post-attachment mime-application-vnd-ms-excel\"><a href=\"https:\/\/www.istruzione.calabria.it\/crotone\/wp-content\/uploads\/2023\/08\/Primaria-Disponibilita-posti-di-sostegno-per-mobilita-annuale-a.s.-2023-24.xls\">Primaria - Disponibilit\u00e0 posti di sostegno per mobilit\u00e0 annuale a.s. 2023-24<\/a> <small>(3 MB)<\/small><\/li><li class=\"post-attachment mime-application-pdf\"><a href=\"https:\/\/www.istruzione.calabria.it\/crotone\/wp-content\/uploads\/2023\/08\/I-Grado-Disponibilita-sostegno-x-mobilita-annuale.pdf\">I Grado - Disponibilit\u00e0 sostegno x mobilit\u00e0 annuale<\/a> <small>(208 kB)<\/small><\/li><li class=\"post-attachment mime-application-pdf\"><a href=\"https:\/\/www.istruzione.calabria.it\/crotone\/wp-content\/uploads\/2023\/08\/II-Grado-Disponibilita-sostegno-x-mobilita-annuale.pdf\">II Grado - Disponibilit\u00e0 sostegno x mobilit\u00e0 annuale<\/a> <small>(212 kB)<\/small><\/li><\/ul><\/div>","protected":false},"excerpt":{"rendered":"<p>Allegati Infanzia &#8211; Disponibilit\u00e0 posti di sostegno per mobilit\u00e0 annuale a.s. 2023-24 (3 MB)Primaria &#8211; Disponibilit\u00e0 posti di sostegno per mobilit\u00e0 annuale a.s. 2023-24 (3 &#8230; <\/p>\n","protected":false},"author":3,"featured_media":0,"comment_status":"closed","ping_status":"closed","sticky":false,"template":"","format":"standard","meta":{"footnotes":""},"categories":[1],"tags":[],"class_list":["post-16748","post","type-post","status-publish","format-standard","hentry","category-notizie"],"_links":{"self":[{"href":"https:\/\/www.istruzione.calabria.it\/crotone\/wp-json\/wp\/v2\/posts\/16748","targetHints":{"allow":["GET"]}}],"collection":[{"href":"https:\/\/www.istruzione.calabria.it\/crotone\/wp-json\/wp\/v2\/posts"}],"about":[{"href":"https:\/\/www.istruzione.calabria.it\/crotone\/wp-json\/wp\/v2\/types\/post"}],"author":[{"embeddable":true,"href":"https:\/\/www.istruzione.calabria.it\/crotone\/wp-json\/wp\/v2\/users\/3"}],"replies":[{"embeddable":true,"href":"https:\/\/www.istruzione.calabria.it\/crotone\/wp-json\/wp\/v2\/comments?post=16748"}],"version-history":[{"count":1,"href":"https:\/\/www.istruzione.calabria.it\/crotone\/wp-json\/wp\/v2\/posts\/16748\/revisions"}],"predecessor-version":[{"id":16753,"href":"https:\/\/www.istruzione.calabria.it\/crotone\/wp-json\/wp\/v2\/posts\/16748\/revisions\/16753"}],"wp:attachment":[{"href":"https:\/\/www.istruzione.calabria.it\/crotone\/wp-json\/wp\/v2\/media?parent=16748"}],"wp:term":[{"taxonomy":"category","embeddable":true,"href":"https:\/\/www.istruzione.calabria.it\/crotone\/wp-json\/wp\/v2\/categories?post=16748"},{"taxonomy":"post_tag","embeddable":true,"href":"https:\/\/www.istruzione.calabria.it\/crotone\/wp-json\/wp\/v2\/tags?post=16748"}],"curies":[{"name":"wp","href":"https:\/\/api.w.org\/{rel}","templated":true}]}}