{"id":20064,"date":"2024-08-22T11:58:37","date_gmt":"2024-08-22T09:58:37","guid":{"rendered":"https:\/\/www.istruzione.calabria.it\/crotone\/?p=20064"},"modified":"2024-08-22T11:58:37","modified_gmt":"2024-08-22T09:58:37","slug":"posti-disponibili-per-mobilita-annuale-personale-docente-a-s-2024-2025","status":"publish","type":"post","link":"https:\/\/www.istruzione.calabria.it\/crotone\/posti-disponibili-per-mobilita-annuale-personale-docente-a-s-2024-2025\/","title":{"rendered":"Posti disponibili per mobilit\u00e0 annuale personale docente a.s. 2024-2025"},"content":{"rendered":"<!-- WP Attachments -->\r\n        <div style=\"width:100%;margin:10px 0 10px 0;\">\r\n            <h3>Allegati<\/h3>\r\n        <ul class=\"post-attachments\"><li class=\"post-attachment mime-application-vnd-openxmlformats-officedocument-spreadsheetml-sheet\"><a href=\"https:\/\/www.istruzione.calabria.it\/crotone\/wp-content\/uploads\/2024\/08\/Infanzia-Disponibilita-posti-di-sostegno-per-mobilira-annuale-2024-25.xlsx\">Infanzia- Disponibilit\u00e0 posti di sostegno per mobilir\u00e0 annuale 2024-25<\/a> <small>(11 kB)<\/small><\/li><li class=\"post-attachment mime-application-vnd-openxmlformats-officedocument-spreadsheetml-sheet\"><a href=\"https:\/\/www.istruzione.calabria.it\/crotone\/wp-content\/uploads\/2024\/08\/Primaria-Disponibilita-posti-di-sostegno-per-mobilita-annuale-2024-25.xlsx\">Primaria- Disponibilit\u00e0 posti di sostegno per mobilit\u00e0 annuale 2024-25<\/a> <small>(2 MB)<\/small><\/li><li class=\"post-attachment mime-application-pdf\"><a href=\"https:\/\/www.istruzione.calabria.it\/crotone\/wp-content\/uploads\/2024\/08\/I-Grado-prospetto-disponibilita-sostegno-x-mobilita-annuale-2024.25.pdf\">I Grado - prospetto disponibilit\u00e0 sostegno x mobilit\u00e0 annuale 2024.25<\/a> <small>(205 kB)<\/small><\/li><li class=\"post-attachment mime-application-pdf\"><a href=\"https:\/\/www.istruzione.calabria.it\/crotone\/wp-content\/uploads\/2024\/08\/II-Grado-prospetto-disponibilita-sostegno-x-mobilita-annuale-2024.25.pdf\">II Grado - prospetto disponibilit\u00e0 sostegno x mobilit\u00e0 annuale 2024.25<\/a> <small>(137 kB)<\/small><\/li><\/ul><\/div>","protected":false},"excerpt":{"rendered":"<p>Allegati Infanzia- Disponibilit\u00e0 posti di sostegno per mobilir\u00e0 annuale 2024-25 (11 kB)Primaria- Disponibilit\u00e0 posti di sostegno per mobilit\u00e0 annuale 2024-25 (2 MB)I Grado &#8211; prospetto &#8230; <\/p>\n","protected":false},"author":3,"featured_media":0,"comment_status":"closed","ping_status":"closed","sticky":false,"template":"","format":"standard","meta":{"footnotes":""},"categories":[1],"tags":[],"class_list":["post-20064","post","type-post","status-publish","format-standard","hentry","category-notizie"],"_links":{"self":[{"href":"https:\/\/www.istruzione.calabria.it\/crotone\/wp-json\/wp\/v2\/posts\/20064","targetHints":{"allow":["GET"]}}],"collection":[{"href":"https:\/\/www.istruzione.calabria.it\/crotone\/wp-json\/wp\/v2\/posts"}],"about":[{"href":"https:\/\/www.istruzione.calabria.it\/crotone\/wp-json\/wp\/v2\/types\/post"}],"author":[{"embeddable":true,"href":"https:\/\/www.istruzione.calabria.it\/crotone\/wp-json\/wp\/v2\/users\/3"}],"replies":[{"embeddable":true,"href":"https:\/\/www.istruzione.calabria.it\/crotone\/wp-json\/wp\/v2\/comments?post=20064"}],"version-history":[{"count":1,"href":"https:\/\/www.istruzione.calabria.it\/crotone\/wp-json\/wp\/v2\/posts\/20064\/revisions"}],"predecessor-version":[{"id":20069,"href":"https:\/\/www.istruzione.calabria.it\/crotone\/wp-json\/wp\/v2\/posts\/20064\/revisions\/20069"}],"wp:attachment":[{"href":"https:\/\/www.istruzione.calabria.it\/crotone\/wp-json\/wp\/v2\/media?parent=20064"}],"wp:term":[{"taxonomy":"category","embeddable":true,"href":"https:\/\/www.istruzione.calabria.it\/crotone\/wp-json\/wp\/v2\/categories?post=20064"},{"taxonomy":"post_tag","embeddable":true,"href":"https:\/\/www.istruzione.calabria.it\/crotone\/wp-json\/wp\/v2\/tags?post=20064"}],"curies":[{"name":"wp","href":"https:\/\/api.w.org\/{rel}","templated":true}]}}